{"id":1036,"date":"2013-06-27T13:10:30","date_gmt":"2013-06-27T11:10:30","guid":{"rendered":"http:\/\/abenteuer-siedeln.de\/blog\/?p=1036"},"modified":"2013-11-05T14:45:59","modified_gmt":"2013-11-05T12:45:59","slug":"schirmherrschaft","status":"publish","type":"post","link":"https:\/\/abenteuer-siedeln.de\/blog\/schirmherrschaft\/","title":{"rendered":"Schirmherrschaft"},"content":{"rendered":"<p>Nun ist es gewiss:<\/p>\n<p>Dr. Beate Merk \u00fcbernimmt 2014 erneut die Schirmherrschaft f\u00fcr Abenteuer Siedeln. Die Staatsministerin f\u00fcr Europaangelegenheiten und regionale Beziehungen\u00a0und Schirmherrin des Bayerischen Jugendrotkreuzez hat unser Lager \u00fcberzeugt. Wir freuen uns \u00fcber diese Ehre.<\/p>\n<p><a href=\"http:\/\/www.beate-merk.de\/\" target=\"_blank\">www.beate-merk.de<\/a><\/p>\n<p><img loading=\"lazy\" decoding=\"async\" class=\"alignleft size-medium wp-image-1018\" alt=\"Dr. Beate Merk\" src=\"http:\/\/abenteuer-siedeln.de\/blog\/wp-content\/uploads\/2013\/06\/400-300x206.jpg\" width=\"300\" height=\"206\" srcset=\"https:\/\/abenteuer-siedeln.de\/blog\/wp-content\/uploads\/2013\/06\/400-300x206.jpg 300w, https:\/\/abenteuer-siedeln.de\/blog\/wp-content\/uploads\/2013\/06\/400.jpg 400w\" sizes=\"auto, (max-width: 300px) 100vw, 300px\" \/><\/p>\n","protected":false},"excerpt":{"rendered":"<p>Nun ist es gewiss: Dr. Beate Merk \u00fcbernimmt 2014 erneut die Schirmherrschaft f\u00fcr Abenteuer Siedeln. Die Staatsministerin f\u00fcr Europaangelegenheiten und regionale Beziehungen\u00a0und Schirmherrin des Bayerischen Jugendrotkreuzez hat unser Lager \u00fcberzeugt. Wir freuen uns \u00fcber diese Ehre. www.beate-merk.de<\/p>\n","protected":false},"author":1,"featured_media":0,"comment_status":"closed","ping_status":"closed","sticky":false,"template":"","format":"standard","meta":{"footnotes":""},"categories":[1],"tags":[],"class_list":["post-1036","post","type-post","status-publish","format-standard","hentry","category-allgemein"],"_links":{"self":[{"href":"https:\/\/abenteuer-siedeln.de\/blog\/wp-json\/wp\/v2\/posts\/1036","targetHints":{"allow":["GET"]}}],"collection":[{"href":"https:\/\/abenteuer-siedeln.de\/blog\/wp-json\/wp\/v2\/posts"}],"about":[{"href":"https:\/\/abenteuer-siedeln.de\/blog\/wp-json\/wp\/v2\/types\/post"}],"author":[{"embeddable":true,"href":"https:\/\/abenteuer-siedeln.de\/blog\/wp-json\/wp\/v2\/users\/1"}],"replies":[{"embeddable":true,"href":"https:\/\/abenteuer-siedeln.de\/blog\/wp-json\/wp\/v2\/comments?post=1036"}],"version-history":[{"count":4,"href":"https:\/\/abenteuer-siedeln.de\/blog\/wp-json\/wp\/v2\/posts\/1036\/revisions"}],"predecessor-version":[{"id":1038,"href":"https:\/\/abenteuer-siedeln.de\/blog\/wp-json\/wp\/v2\/posts\/1036\/revisions\/1038"}],"wp:attachment":[{"href":"https:\/\/abenteuer-siedeln.de\/blog\/wp-json\/wp\/v2\/media?parent=1036"}],"wp:term":[{"taxonomy":"category","embeddable":true,"href":"https:\/\/abenteuer-siedeln.de\/blog\/wp-json\/wp\/v2\/categories?post=1036"},{"taxonomy":"post_tag","embeddable":true,"href":"https:\/\/abenteuer-siedeln.de\/blog\/wp-json\/wp\/v2\/tags?post=1036"}],"curies":[{"name":"wp","href":"https:\/\/api.w.org\/{rel}","templated":true}]}}