{"id":1935,"date":"2016-05-24T16:28:47","date_gmt":"2016-05-24T14:28:47","guid":{"rendered":"http:\/\/abenteuer-siedeln.de\/blog\/?p=1935"},"modified":"2016-05-24T16:28:47","modified_gmt":"2016-05-24T14:28:47","slug":"es-geht-los-2","status":"publish","type":"post","link":"https:\/\/abenteuer-siedeln.de\/blog\/es-geht-los-2\/","title":{"rendered":"Es geht los&#8230;"},"content":{"rendered":"<p><strong>Montag\u00a0 &#8211; str\u00f6mender Regen.<\/strong> Noch ist die Wiese gr\u00fcn und unber\u00fchrt. Den ganzen Tag \u00fcber reisen die Helfer der Projektgruppe an und beginnen, das Lager aufzubauen. Der Laserdrucker im Lagerb\u00fcro gl\u00fcht, w\u00e4hrend alle m\u00f6glichen Infos f\u00fcr die Gruppen gedruckt werden. Drau\u00dfen auf dem Platz entsteht das Spielfeld des lebensgro\u00dfen Planspiels. Und die K\u00fcche heizt das erste Mal ihre Feldk\u00fcchen und Grills an. Damit es keine Schlammschlacht gibt, wird ein Steg aus Paletten zum<\/p>\n<p>Weit nach Mitternacht rollen sich die letzten aus dem Orga-Team in ihre Schlafs\u00e4cke. Um 7:30 Uhr am Dienstag geht es schlie\u00dflich weiter, und dann ist nicht mehr viel Zeit, bis die ersten Gruppen anreisen.<\/p>\n<p><strong>Dienstag &#8211; es regnet immer noch.<\/strong> Die ersten Mannschaftsfahrzeuge von BRK-Wasserwacht, Jugendrotkreuz und Bereitschaftsjugend kommen an der Umweltstation in Legau an. Das Wetter ist unglaublich ungem\u00fctlich, aber der guten Laune tut das keinen Abbruch. Schnell stehen die ersten Zelte, und bald sind \u00fcber 500 Kinder und Jugendliche auf dem Platz.\u00a0 P\u00fcnktlich zum Mittagessen tr\u00f6pfelt es nur noch ein wenig und wir dr\u00fccken die Daumen, dass es heute Nachmittag sogar noch Sonne gibt!<\/p>\n<p><a href=\"http:\/\/abenteuer-siedeln.de\/blog\/wp-content\/uploads\/2016\/05\/Anreise.jpg\"><img loading=\"lazy\" decoding=\"async\" class=\"alignleft wp-image-1938 size-full\" src=\"http:\/\/abenteuer-siedeln.de\/blog\/wp-content\/uploads\/2016\/05\/Anreise.jpg\" alt=\"Anreise\" width=\"640\" height=\"960\" srcset=\"https:\/\/abenteuer-siedeln.de\/blog\/wp-content\/uploads\/2016\/05\/Anreise.jpg 640w, https:\/\/abenteuer-siedeln.de\/blog\/wp-content\/uploads\/2016\/05\/Anreise-200x300.jpg 200w\" sizes=\"auto, (max-width: 640px) 100vw, 640px\" \/><\/a><\/p>\n","protected":false},"excerpt":{"rendered":"<p>Montag\u00a0 &#8211; str\u00f6mender Regen. Noch ist die Wiese gr\u00fcn und unber\u00fchrt. Den ganzen Tag \u00fcber reisen die Helfer der Projektgruppe an und beginnen, das Lager aufzubauen. Der Laserdrucker im Lagerb\u00fcro gl\u00fcht, w\u00e4hrend alle m\u00f6glichen Infos f\u00fcr die Gruppen gedruckt werden.&hellip; <\/p>\n","protected":false},"author":1,"featured_media":1938,"comment_status":"closed","ping_status":"closed","sticky":false,"template":"","format":"standard","meta":{"footnotes":""},"categories":[1],"tags":[],"class_list":["post-1935","post","type-post","status-publish","format-standard","has-post-thumbnail","hentry","category-allgemein"],"_links":{"self":[{"href":"https:\/\/abenteuer-siedeln.de\/blog\/wp-json\/wp\/v2\/posts\/1935","targetHints":{"allow":["GET"]}}],"collection":[{"href":"https:\/\/abenteuer-siedeln.de\/blog\/wp-json\/wp\/v2\/posts"}],"about":[{"href":"https:\/\/abenteuer-siedeln.de\/blog\/wp-json\/wp\/v2\/types\/post"}],"author":[{"embeddable":true,"href":"https:\/\/abenteuer-siedeln.de\/blog\/wp-json\/wp\/v2\/users\/1"}],"replies":[{"embeddable":true,"href":"https:\/\/abenteuer-siedeln.de\/blog\/wp-json\/wp\/v2\/comments?post=1935"}],"version-history":[{"count":4,"href":"https:\/\/abenteuer-siedeln.de\/blog\/wp-json\/wp\/v2\/posts\/1935\/revisions"}],"predecessor-version":[{"id":1940,"href":"https:\/\/abenteuer-siedeln.de\/blog\/wp-json\/wp\/v2\/posts\/1935\/revisions\/1940"}],"wp:featuredmedia":[{"embeddable":true,"href":"https:\/\/abenteuer-siedeln.de\/blog\/wp-json\/wp\/v2\/media\/1938"}],"wp:attachment":[{"href":"https:\/\/abenteuer-siedeln.de\/blog\/wp-json\/wp\/v2\/media?parent=1935"}],"wp:term":[{"taxonomy":"category","embeddable":true,"href":"https:\/\/abenteuer-siedeln.de\/blog\/wp-json\/wp\/v2\/categories?post=1935"},{"taxonomy":"post_tag","embeddable":true,"href":"https:\/\/abenteuer-siedeln.de\/blog\/wp-json\/wp\/v2\/tags?post=1935"}],"curies":[{"name":"wp","href":"https:\/\/api.w.org\/{rel}","templated":true}]}}