{"id":3656,"date":"2025-06-15T15:25:32","date_gmt":"2025-06-15T13:25:32","guid":{"rendered":"https:\/\/abenteuer-siedeln.de\/blog\/?p=3656"},"modified":"2025-06-15T20:37:51","modified_gmt":"2025-06-15T18:37:51","slug":"siedeln-2025-es-geht-los","status":"publish","type":"post","link":"https:\/\/abenteuer-siedeln.de\/blog\/siedeln-2025-es-geht-los\/","title":{"rendered":"Siedeln 2025 &#8211; Es geht los!"},"content":{"rendered":"\n<p>Auf der Wiese wird abgemessen, gesteckt und markiert. Noch steht kein eigenes Zelt, aber Linie f\u00fcr Linie wachsen die zuk\u00fcnftigen Zeltst\u00e4dte. <\/p>\n\n\n\n<p>Und w\u00e4hrend die einen schon auf dem Zeltplatz schwitzen, packen die anderen in der K\u00fcche mit an. Aus einer Kleink\u00fcche entsteht hier eine Gro\u00dfk\u00fcche f\u00fcr 500 Essen am Tag!!! <\/p>\n\n\n\n<p>Auch im PG-B\u00fcro herrscht reges Treiben. Die letzten Vorbereitungen laufen auf Hochtouren. <br>Eine besondere Neuerung in diesem Jahr: der Marktplatz. Er wird ein zentraler Ort f\u00fcr Begegnung, Austausch und kreative Angebote sein &#8211; ein Platz voller Leben mitten im Lager. <\/p>\n\n\n\n<p>Siedeln 2025 nimmt Form an &#8211; drau\u00dfen auf der Wiese, in der K\u00fcche und im B\u00fcro. <\/p>\n\n\n\n<p>Und wir k\u00f6nnen es kaum erwarten, dass ihr alle kommt und Teil von Abenteuer Siedeln 2025 werdet! <\/p>\n\n\n\n<p>Eure Projektgruppe<\/p>\n\n\n\n<div class=\"wp-block-columns is-layout-flex wp-container-core-columns-is-layout-9d6595d7 wp-block-columns-is-layout-flex\">\n<div class=\"wp-block-column is-layout-flow wp-block-column-is-layout-flow\" style=\"flex-basis:100%\">\n<figure class=\"wp-block-gallery has-nested-images columns-default is-cropped wp-block-gallery-1 is-layout-flex wp-block-gallery-is-layout-flex\">\n<figure class=\"wp-block-image size-large\"><a href=\"https:\/\/abenteuer-siedeln.de\/blog\/wp-content\/uploads\/2025\/06\/IMG_9800.jpg\"><img loading=\"lazy\" decoding=\"async\" width=\"576\" height=\"1024\" data-id=\"3657\" src=\"https:\/\/abenteuer-siedeln.de\/blog\/wp-content\/uploads\/2025\/06\/IMG_9800-576x1024.jpg\" alt=\"\" class=\"wp-image-3657\" srcset=\"https:\/\/abenteuer-siedeln.de\/blog\/wp-content\/uploads\/2025\/06\/IMG_9800-576x1024.jpg 576w, https:\/\/abenteuer-siedeln.de\/blog\/wp-content\/uploads\/2025\/06\/IMG_9800-169x300.jpg 169w, https:\/\/abenteuer-siedeln.de\/blog\/wp-content\/uploads\/2025\/06\/IMG_9800-768x1365.jpg 768w, https:\/\/abenteuer-siedeln.de\/blog\/wp-content\/uploads\/2025\/06\/IMG_9800-864x1536.jpg 864w, https:\/\/abenteuer-siedeln.de\/blog\/wp-content\/uploads\/2025\/06\/IMG_9800.jpg 1152w\" sizes=\"auto, (max-width: 576px) 100vw, 576px\" \/><\/a><\/figure>\n<\/figure>\n\n\n\n<figure class=\"wp-block-gallery has-nested-images columns-default is-cropped wp-block-gallery-2 is-layout-flex wp-block-gallery-is-layout-flex\">\n<figure class=\"wp-block-image size-large\"><a href=\"https:\/\/abenteuer-siedeln.de\/blog\/wp-content\/uploads\/2025\/06\/IMG_9808.jpg\"><img loading=\"lazy\" decoding=\"async\" width=\"576\" height=\"1024\" data-id=\"3658\" src=\"https:\/\/abenteuer-siedeln.de\/blog\/wp-content\/uploads\/2025\/06\/IMG_9808-576x1024.jpg\" alt=\"\" class=\"wp-image-3658\" srcset=\"https:\/\/abenteuer-siedeln.de\/blog\/wp-content\/uploads\/2025\/06\/IMG_9808-576x1024.jpg 576w, https:\/\/abenteuer-siedeln.de\/blog\/wp-content\/uploads\/2025\/06\/IMG_9808-169x300.jpg 169w, https:\/\/abenteuer-siedeln.de\/blog\/wp-content\/uploads\/2025\/06\/IMG_9808-768x1365.jpg 768w, https:\/\/abenteuer-siedeln.de\/blog\/wp-content\/uploads\/2025\/06\/IMG_9808-864x1536.jpg 864w, https:\/\/abenteuer-siedeln.de\/blog\/wp-content\/uploads\/2025\/06\/IMG_9808.jpg 1152w\" sizes=\"auto, (max-width: 576px) 100vw, 576px\" \/><\/a><\/figure>\n<\/figure>\n<\/div>\n<\/div>\n\n\n\n<figure class=\"wp-block-image size-large\"><a href=\"https:\/\/abenteuer-siedeln.de\/blog\/wp-content\/uploads\/2025\/06\/IMG_9820.jpg\"><img loading=\"lazy\" decoding=\"async\" width=\"683\" height=\"1024\" src=\"https:\/\/abenteuer-siedeln.de\/blog\/wp-content\/uploads\/2025\/06\/IMG_9820-683x1024.jpg\" alt=\"\" class=\"wp-image-3660\" srcset=\"https:\/\/abenteuer-siedeln.de\/blog\/wp-content\/uploads\/2025\/06\/IMG_9820-683x1024.jpg 683w, https:\/\/abenteuer-siedeln.de\/blog\/wp-content\/uploads\/2025\/06\/IMG_9820-200x300.jpg 200w, https:\/\/abenteuer-siedeln.de\/blog\/wp-content\/uploads\/2025\/06\/IMG_9820-768x1152.jpg 768w, https:\/\/abenteuer-siedeln.de\/blog\/wp-content\/uploads\/2025\/06\/IMG_9820-1024x1536.jpg 1024w, https:\/\/abenteuer-siedeln.de\/blog\/wp-content\/uploads\/2025\/06\/IMG_9820.jpg 1365w\" sizes=\"auto, (max-width: 683px) 100vw, 683px\" \/><\/a><\/figure>\n\n\n\n<figure class=\"wp-block-image size-large\"><a href=\"https:\/\/abenteuer-siedeln.de\/blog\/wp-content\/uploads\/2025\/06\/IMG_9812.jpg\"><img loading=\"lazy\" decoding=\"async\" width=\"576\" height=\"1024\" src=\"https:\/\/abenteuer-siedeln.de\/blog\/wp-content\/uploads\/2025\/06\/IMG_9812-576x1024.jpg\" alt=\"\" class=\"wp-image-3662\" srcset=\"https:\/\/abenteuer-siedeln.de\/blog\/wp-content\/uploads\/2025\/06\/IMG_9812-576x1024.jpg 576w, https:\/\/abenteuer-siedeln.de\/blog\/wp-content\/uploads\/2025\/06\/IMG_9812-169x300.jpg 169w, https:\/\/abenteuer-siedeln.de\/blog\/wp-content\/uploads\/2025\/06\/IMG_9812-768x1365.jpg 768w, https:\/\/abenteuer-siedeln.de\/blog\/wp-content\/uploads\/2025\/06\/IMG_9812-864x1536.jpg 864w, https:\/\/abenteuer-siedeln.de\/blog\/wp-content\/uploads\/2025\/06\/IMG_9812.jpg 1152w\" sizes=\"auto, (max-width: 576px) 100vw, 576px\" \/><\/a><\/figure>\n","protected":false},"excerpt":{"rendered":"<p>Auf der Wiese wird abgemessen, gesteckt und markiert. Noch steht kein eigenes Zelt, aber Linie f\u00fcr Linie wachsen die zuk\u00fcnftigen Zeltst\u00e4dte. Und w\u00e4hrend die einen schon auf dem Zeltplatz schwitzen, packen die anderen in der K\u00fcche mit an. Aus einer&hellip; <\/p>\n","protected":false},"author":1,"featured_media":0,"comment_status":"closed","ping_status":"closed","sticky":false,"template":"","format":"standard","meta":{"footnotes":""},"categories":[1],"tags":[],"class_list":["post-3656","post","type-post","status-publish","format-standard","hentry","category-allgemein"],"_links":{"self":[{"href":"https:\/\/abenteuer-siedeln.de\/blog\/wp-json\/wp\/v2\/posts\/3656","targetHints":{"allow":["GET"]}}],"collection":[{"href":"https:\/\/abenteuer-siedeln.de\/blog\/wp-json\/wp\/v2\/posts"}],"about":[{"href":"https:\/\/abenteuer-siedeln.de\/blog\/wp-json\/wp\/v2\/types\/post"}],"author":[{"embeddable":true,"href":"https:\/\/abenteuer-siedeln.de\/blog\/wp-json\/wp\/v2\/users\/1"}],"replies":[{"embeddable":true,"href":"https:\/\/abenteuer-siedeln.de\/blog\/wp-json\/wp\/v2\/comments?post=3656"}],"version-history":[{"count":3,"href":"https:\/\/abenteuer-siedeln.de\/blog\/wp-json\/wp\/v2\/posts\/3656\/revisions"}],"predecessor-version":[{"id":3663,"href":"https:\/\/abenteuer-siedeln.de\/blog\/wp-json\/wp\/v2\/posts\/3656\/revisions\/3663"}],"wp:attachment":[{"href":"https:\/\/abenteuer-siedeln.de\/blog\/wp-json\/wp\/v2\/media?parent=3656"}],"wp:term":[{"taxonomy":"category","embeddable":true,"href":"https:\/\/abenteuer-siedeln.de\/blog\/wp-json\/wp\/v2\/categories?post=3656"},{"taxonomy":"post_tag","embeddable":true,"href":"https:\/\/abenteuer-siedeln.de\/blog\/wp-json\/wp\/v2\/tags?post=3656"}],"curies":[{"name":"wp","href":"https:\/\/api.w.org\/{rel}","templated":true}]}}