{"id":4211,"date":"2025-06-23T07:30:43","date_gmt":"2025-06-23T05:30:43","guid":{"rendered":"https:\/\/abenteuer-siedeln.de\/blog\/?p=4211"},"modified":"2025-06-23T07:30:45","modified_gmt":"2025-06-23T05:30:45","slug":"danke-fuer-eine-unglaubliche-woche","status":"publish","type":"post","link":"https:\/\/abenteuer-siedeln.de\/blog\/danke-fuer-eine-unglaubliche-woche\/","title":{"rendered":"Danke f\u00fcr eine unglaubliche Woche!"},"content":{"rendered":"\n<p>Diese Woche war einfach wundersch\u00f6n \u2013 voller Gemeinschaft, Spa\u00df und kleinen (und gro\u00dfen) Abenteuern. Wir nehmen nicht nur Sonnenbrand mit nach Hause, sondern auch ganz viele tolle Erinnerungen.<\/p>\n\n\n\n<p>Und nat\u00fcrlich: Ein extra-gro\u00dfes Dankesch\u00f6n an alle Helfer*innen! Ihr habt organisiert, geschleppt, motiviert, repariert und uns alle bei Laune gehalten \u2013 ihr seid die wahren Helden des Abenteuers!<\/p>\n\n\n\n<p><strong>Danke, dass ihr dabei wart \u2013 wir freuen uns schon aufs n\u00e4chste Mal!<\/strong><\/p>\n\n\n\n<p>Mit einem breiten Grinsen und viel Dankbarkeit,<br><em>Eure Projektgruppe (jetzt erstmal im Erholungsmodus)<\/em><\/p>\n\n\n\n<figure class=\"wp-block-gallery has-nested-images columns-default is-cropped wp-block-gallery-1 is-layout-flex wp-block-gallery-is-layout-flex\">\n<figure class=\"wp-block-image size-large\"><a href=\"https:\/\/abenteuer-siedeln.de\/blog\/wp-content\/uploads\/2025\/06\/thumbnail_image1.jpg\"><img loading=\"lazy\" decoding=\"async\" width=\"1024\" height=\"683\" data-id=\"4212\" src=\"https:\/\/abenteuer-siedeln.de\/blog\/wp-content\/uploads\/2025\/06\/thumbnail_image1-1024x683.jpg\" alt=\"\" class=\"wp-image-4212\" srcset=\"https:\/\/abenteuer-siedeln.de\/blog\/wp-content\/uploads\/2025\/06\/thumbnail_image1-1024x683.jpg 1024w, https:\/\/abenteuer-siedeln.de\/blog\/wp-content\/uploads\/2025\/06\/thumbnail_image1-300x200.jpg 300w, https:\/\/abenteuer-siedeln.de\/blog\/wp-content\/uploads\/2025\/06\/thumbnail_image1-768x512.jpg 768w, https:\/\/abenteuer-siedeln.de\/blog\/wp-content\/uploads\/2025\/06\/thumbnail_image1-1536x1024.jpg 1536w, https:\/\/abenteuer-siedeln.de\/blog\/wp-content\/uploads\/2025\/06\/thumbnail_image1.jpg 1920w\" sizes=\"auto, (max-width: 1024px) 100vw, 1024px\" \/><\/a><\/figure>\n<\/figure>\n","protected":false},"excerpt":{"rendered":"<p>Diese Woche war einfach wundersch\u00f6n \u2013 voller Gemeinschaft, Spa\u00df und kleinen (und gro\u00dfen) Abenteuern. Wir nehmen nicht nur Sonnenbrand mit nach Hause, sondern auch ganz viele tolle Erinnerungen. Und nat\u00fcrlich: Ein extra-gro\u00dfes Dankesch\u00f6n an alle Helfer*innen! Ihr habt organisiert, geschleppt,&hellip; <\/p>\n","protected":false},"author":1,"featured_media":0,"comment_status":"closed","ping_status":"closed","sticky":false,"template":"","format":"standard","meta":{"footnotes":""},"categories":[1],"tags":[],"class_list":["post-4211","post","type-post","status-publish","format-standard","hentry","category-allgemein"],"_links":{"self":[{"href":"https:\/\/abenteuer-siedeln.de\/blog\/wp-json\/wp\/v2\/posts\/4211","targetHints":{"allow":["GET"]}}],"collection":[{"href":"https:\/\/abenteuer-siedeln.de\/blog\/wp-json\/wp\/v2\/posts"}],"about":[{"href":"https:\/\/abenteuer-siedeln.de\/blog\/wp-json\/wp\/v2\/types\/post"}],"author":[{"embeddable":true,"href":"https:\/\/abenteuer-siedeln.de\/blog\/wp-json\/wp\/v2\/users\/1"}],"replies":[{"embeddable":true,"href":"https:\/\/abenteuer-siedeln.de\/blog\/wp-json\/wp\/v2\/comments?post=4211"}],"version-history":[{"count":1,"href":"https:\/\/abenteuer-siedeln.de\/blog\/wp-json\/wp\/v2\/posts\/4211\/revisions"}],"predecessor-version":[{"id":4213,"href":"https:\/\/abenteuer-siedeln.de\/blog\/wp-json\/wp\/v2\/posts\/4211\/revisions\/4213"}],"wp:attachment":[{"href":"https:\/\/abenteuer-siedeln.de\/blog\/wp-json\/wp\/v2\/media?parent=4211"}],"wp:term":[{"taxonomy":"category","embeddable":true,"href":"https:\/\/abenteuer-siedeln.de\/blog\/wp-json\/wp\/v2\/categories?post=4211"},{"taxonomy":"post_tag","embeddable":true,"href":"https:\/\/abenteuer-siedeln.de\/blog\/wp-json\/wp\/v2\/tags?post=4211"}],"curies":[{"name":"wp","href":"https:\/\/api.w.org\/{rel}","templated":true}]}}